{"id":2648,"date":"2024-01-18T23:54:48","date_gmt":"2024-01-19T07:54:48","guid":{"rendered":"https:\/\/deregil.mx\/?p=2648"},"modified":"2024-01-18T23:54:49","modified_gmt":"2024-01-19T07:54:49","slug":"quieres-emigrar-a-tu-hijo-menor-este-es-el-tiempo-que-toma-abogado-experto-el-binacional-informa","status":"publish","type":"post","link":"https:\/\/deregil.mx\/en\/quieres-emigrar-a-tu-hijo-menor-este-es-el-tiempo-que-toma-abogado-experto-el-binacional-informa\/","title":{"rendered":"\u00bfQuieres emigrar a tu hijo menor? Este es el tiempo que toma: abogado experto &#8211; El Binacional informa"},"content":{"rendered":"<p>En una reciente entrevista, Jos\u00e9 de Jes\u00fas plantea la pregunta sobre la duraci\u00f3n del proceso de emigraci\u00f3n para menores de edad. Carlos de Regil, experto en temas migratorios, responde que actualmente este proceso lleva aproximadamente dos a\u00f1os y medio para padres, madres o padrastros, ya sean residentes o ciudadanos.<\/p>\n\n\n\n<p>Sin embargo, es importante tener en cuenta que, para residentes que han iniciado su tr\u00e1mite de emigraci\u00f3n a sus hijos menores de edad despu\u00e9s de 2020, los tiempos de espera pueden extenderse hasta cuatro a\u00f1os y medio. La situaci\u00f3n actual est\u00e1 siendo evaluada, y se recomienda a los residentes que est\u00e9n considerando este tr\u00e1mite que lo realicen lo antes posible para evitar prolongar innecesariamente el proceso.<\/p>\n\n\n\n<p>Es crucial estar al tanto de los cambios y actualizaciones en las pol\u00edticas migratorias, ya que estos pueden influir en los tiempos de espera. Mantenerse informado y actuar con prontitud es fundamental para garantizar una emigraci\u00f3n exitosa de los menores de edad y evitar demoras innecesarias en el proceso.<\/p>\n\n\n\n<p>A medida que se siga evaluando y ajustando la situaci\u00f3n migratoria actual, es recomendable buscar asesor\u00eda profesional y estar al tanto de las \u00faltimas actualizaciones de los requisitos y tiempos de espera. La planificaci\u00f3n anticipada y la comprensi\u00f3n de los procesos son elementos clave para asegurar una emigraci\u00f3n efectiva y sin contratiempos para los menores de edad y sus familias.<\/p>\n\n\n\n<p>En conclusi\u00f3n, aunque los tiempos de espera pueden variar, es importante que aquellos que deseen emigrar a menores de edad se informen sobre los plazos actuales y tomen las medidas necesarias para agilizar el proceso. La asesor\u00eda especializada en temas migratorios ser\u00e1 de gran ayuda para asegurar que se cumplan todos los requisitos y se optimice el tiempo necesario para lograr la emigraci\u00f3n de los menores de edad de manera exitosa.<\/p>\n\n\n\n<p>Para realizar una consulta sin compromiso con el abogado, s\u00f3lo es necesario dejar tus datos en el <a href=\"http:\/\/deregil.mx\/en\/tij\/\">formulario a continuaci\u00f3n<\/a> o enviar un WhatsApp al <a href=\"http:\/\/wa.me\/526641644241\">664 164 4241<\/a>.<\/p>\n\n\n\n<iframe loading=\"lazy\" src=\"https:\/\/deregil.mx\/tij\" width=\"640px\" height=\"1000px\"><br \/><\/iframe>","protected":false},"excerpt":{"rendered":"<p>En una reciente entrevista, Jos\u00e9 de Jes\u00fas plantea la pregunta sobre la duraci\u00f3n del proceso de emigraci\u00f3n para menores de edad. Carlos de Regil, experto en temas migratorios, responde que actualmente este proceso lleva aproximadamente dos a\u00f1os y medio para padres, madres o padrastros, ya sean residentes o ciudadanos. Sin embargo, es importante tener en [&hellip;]<\/p>","protected":false},"author":1,"featured_media":2649,"comment_status":"closed","ping_status":"closed","sticky":false,"template":"","format":"standard","meta":{"_et_pb_use_builder":"off","_et_pb_old_content":"","_et_gb_content_width":"","footnotes":""},"categories":[1],"tags":[],"class_list":["post-2648","post","type-post","status-publish","format-standard","has-post-thumbnail","hentry","category-sin-categoria"],"_links":{"self":[{"href":"https:\/\/deregil.mx\/en\/wp-json\/wp\/v2\/posts\/2648","targetHints":{"allow":["GET"]}}],"collection":[{"href":"https:\/\/deregil.mx\/en\/wp-json\/wp\/v2\/posts"}],"about":[{"href":"https:\/\/deregil.mx\/en\/wp-json\/wp\/v2\/types\/post"}],"author":[{"embeddable":true,"href":"https:\/\/deregil.mx\/en\/wp-json\/wp\/v2\/users\/1"}],"replies":[{"embeddable":true,"href":"https:\/\/deregil.mx\/en\/wp-json\/wp\/v2\/comments?post=2648"}],"version-history":[{"count":1,"href":"https:\/\/deregil.mx\/en\/wp-json\/wp\/v2\/posts\/2648\/revisions"}],"predecessor-version":[{"id":2650,"href":"https:\/\/deregil.mx\/en\/wp-json\/wp\/v2\/posts\/2648\/revisions\/2650"}],"wp:featuredmedia":[{"embeddable":true,"href":"https:\/\/deregil.mx\/en\/wp-json\/wp\/v2\/media\/2649"}],"wp:attachment":[{"href":"https:\/\/deregil.mx\/en\/wp-json\/wp\/v2\/media?parent=2648"}],"wp:term":[{"taxonomy":"category","embeddable":true,"href":"https:\/\/deregil.mx\/en\/wp-json\/wp\/v2\/categories?post=2648"},{"taxonomy":"post_tag","embeddable":true,"href":"https:\/\/deregil.mx\/en\/wp-json\/wp\/v2\/tags?post=2648"}],"curies":[{"name":"wp","href":"https:\/\/api.w.org\/{rel}","templated":true}]}}